{"id":901,"date":"2021-04-20T21:22:00","date_gmt":"2021-04-20T19:22:00","guid":{"rendered":"https:\/\/www.imkerverein-lehrte.de\/?p=901"},"modified":"2021-04-29T19:33:36","modified_gmt":"2021-04-29T17:33:36","slug":"einladung-zum-ersten-virtuellen-stammtisch","status":"publish","type":"post","link":"https:\/\/www.imkerverein-lehrte.de\/?p=901","title":{"rendered":"Einladung zum ersten virtuellen Stammtisch"},"content":{"rendered":"\n<p>Liebe Imkerinnen und Imker des Imkervereins Lehrte,<\/p>\n\n\n\n<p>danke an Euch, dass Ihr trotz der monatelangen Pause unserem Verein die Treue gehalten habt! Ich hoffe darauf, dass wir uns bald wieder pers\u00f6nlich treffen k\u00f6nnen, aber leider ist zur Zeit ja noch keine Lockerung der Bestimmungen absehbar. Die laufende dritte Welle der Pandemie zwingt uns alle weiterhin Abstand zu halten, deshalb haben wir im Vorstand beschlossen, f\u00fcr unsere Treffen eine digitale Alternative zu entwickeln.<br>Wir schlagen eine kurze Zoom-Konferenz vor, die als Testlauf f\u00fcr dieses Format gedacht ist. Wenn Ihr teilnehmen m\u00f6chtet, dann merkt Euch bitte den<\/p>\n\n\n\n<p class=\"has-text-align-center\"><strong>25.April (Sonntag), 10 Uhr 30<\/strong>.<\/p>\n\n\n\n<p>Wer sich bei mir anmeldet (bitte bis zum 24. April), bekommt die offizielle Einladung mit den Zugangsdaten geschickt.<\/p>\n\n\n\n<p>F\u00fcr das erste Treffen ist kein festes Thema vorgesehen. Die vorgegebenen 40 Minuten machen es m\u00f6glich uns nach langer Zeit wieder einmal zu sehen, kurze Berichte \u00fcber das vergangene Bienenjahr auszutauschen und in der Gruppe Fragen zu kl\u00e4ren. Au\u00dferdem stehen uns die Schwarm- und Honigsaison bevor, sobald der Fr\u00fchling die Bl\u00fcten \u00f6ffnet und die Sonne scheinen l\u00e4sst.<\/p>\n\n\n\n<p>F\u00fcr die <strong>Anf\u00e4ngerschulung<\/strong> wird es eine gesonderte Runde geben, ebenfalls digital. Jan und Markus organisieren zur Zeit eine eigene Struktur. Vielen Dank daf\u00fcr! Wenn das Treffen am Sonntag gut funktioniert und von Eurer Seite Interesse besteht, werden wir regelm\u00e4\u00dfig auf digitalem Weg zusammen kommen. Auch wenn ich mich sehr darauf freue, Euch bald wieder pers\u00f6nlich und vor Ort zu treffen.<\/p>\n\n\n\n<p>Herzliche Gr\u00fc\u00dfe und bis Sonntag<\/p>\n\n\n\n<p>Henrike Busch und der Vorstand des Imkervereins Lehrte<\/p>\n\n\n","protected":false},"excerpt":{"rendered":"<p> <a class=\"continue-reading-link\" href=\"https:\/\/www.imkerverein-lehrte.de\/?p=901\"><\/a><\/p>\n","protected":false},"author":1,"featured_media":0,"comment_status":"closed","ping_status":"","sticky":false,"template":"","format":"standard","meta":{"footnotes":""},"categories":[1],"tags":[],"class_list":["post-901","post","type-post","status-publish","format-standard","hentry","category-allgemein"],"_links":{"self":[{"href":"https:\/\/www.imkerverein-lehrte.de\/index.php?rest_route=\/wp\/v2\/posts\/901","targetHints":{"allow":["GET"]}}],"collection":[{"href":"https:\/\/www.imkerverein-lehrte.de\/index.php?rest_route=\/wp\/v2\/posts"}],"about":[{"href":"https:\/\/www.imkerverein-lehrte.de\/index.php?rest_route=\/wp\/v2\/types\/post"}],"author":[{"embeddable":true,"href":"https:\/\/www.imkerverein-lehrte.de\/index.php?rest_route=\/wp\/v2\/users\/1"}],"replies":[{"embeddable":true,"href":"https:\/\/www.imkerverein-lehrte.de\/index.php?rest_route=%2Fwp%2Fv2%2Fcomments&post=901"}],"version-history":[{"count":4,"href":"https:\/\/www.imkerverein-lehrte.de\/index.php?rest_route=\/wp\/v2\/posts\/901\/revisions"}],"predecessor-version":[{"id":907,"href":"https:\/\/www.imkerverein-lehrte.de\/index.php?rest_route=\/wp\/v2\/posts\/901\/revisions\/907"}],"wp:attachment":[{"href":"https:\/\/www.imkerverein-lehrte.de\/index.php?rest_route=%2Fwp%2Fv2%2Fmedia&parent=901"}],"wp:term":[{"taxonomy":"category","embeddable":true,"href":"https:\/\/www.imkerverein-lehrte.de\/index.php?rest_route=%2Fwp%2Fv2%2Fcategories&post=901"},{"taxonomy":"post_tag","embeddable":true,"href":"https:\/\/www.imkerverein-lehrte.de\/index.php?rest_route=%2Fwp%2Fv2%2Ftags&post=901"}],"curies":[{"name":"wp","href":"https:\/\/api.w.org\/{rel}","templated":true}]}}