{"id":753,"date":"2019-08-31T19:12:34","date_gmt":"2019-08-31T17:12:34","guid":{"rendered":"http:\/\/www.imkerverein-lehrte.de\/?p=753"},"modified":"2019-10-05T10:49:08","modified_gmt":"2019-10-05T08:49:08","slug":"afb-party-in-dollbergen","status":"publish","type":"post","link":"https:\/\/www.imkerverein-lehrte.de\/?p=753","title":{"rendered":"AFB-Party in Dollbergen"},"content":{"rendered":"\n<p>Es sollte ein hei\u00dfer Tag werden in Dollbergen, in jeder Hinsicht. Das Wetter meinte es gut mit uns, so dass wir unter der Schutzkleidung und an den Kochstellen mit der hei\u00dfen Natronlauge leicht ins schwitzen kamen.<\/p>\n<p>Aber der Reihe nach.\u00a0 Nachdem vom Veterin\u00e4ramt der Befund\u00a0 AFB best\u00e4tigt und der Sperrbezirk rund um Uetze eingerichtet worden ist, war schnell klar, dass auch Imker aus unserem Verein betroffen sind und gemeinsames Handeln erforderlich ist, um die Mammutaufgabe der AFB Sanierung gemeinschaftlich anzugehen. Henrike und Jan haben in Zusammenarbeit mit dem Veterin\u00e4ramt und dem Bieneninstitut Celle die Sanierung der V\u00f6lker koordiniert. Es musste ein geeigneter Ort f\u00fcr die Reinigung der Beuten und R\u00e4hmchen gefunden werden, diverse Ger\u00e4tschaften wie Hochdruckreiniger, Bottiche f\u00fcr die Natronlauge mit Gasbrenner, Tische sowie Material wie Schutzbekleidung und Natron\u00a0 und ausreichend Helfer organisiert und koordiniert werden. Keine leichte Aufgabe, wenn man bedenkt, dass unser Verein zuletzt 2007 betroffen war, und die Erfahrungen mit der Bew\u00e4ltigung dieser Herausforderung (leicht) verblasst sind. Damals haben Peter und Otto die Koordinierung \u00fcbernommen. Ein geeigneter Ort war schneller gefunden als gedacht: die freiwillige Feuerwehr aus Dollbergen stellt ihr (neues) Feuerwehrhaus zur Verf\u00fcgung. An diese Stelle noch mal einen ganz herzlichen Dank an die freiwillige Feuerwehr in Dollbergen! Unsere Imker wurden per email und unsere Web Seite auf dem Laufenden gehalten und zur aktiven Mithilfe aufgerufen.<\/p>\n<p>Am Samstag, den 31.August war es dann so weit: 17 Imker aus unserem und benachbarten Vereinen fanden sich morgen um 8 Uhr am Feuerwehrhaus in Dollbergen ein, um Beuten und R\u00e4hmchen zu putzen. Die Bienenv\u00f6lker waren am Donnerstag bereits abgefegt, der Honig geschleudert und die Brut samt Wachs eingeschmolzen worden.<img loading=\"lazy\" decoding=\"async\" class=\"size-medium wp-image-767 alignright\" src=\"http:\/\/www.imkerverein-lehrte.de\/wp-content\/uploads\/2019\/09\/unterweisung1-300x200.jpg\" alt=\"\" width=\"300\" height=\"200\" srcset=\"https:\/\/www.imkerverein-lehrte.de\/wp-content\/uploads\/2019\/09\/unterweisung1-300x200.jpg 300w, https:\/\/www.imkerverein-lehrte.de\/wp-content\/uploads\/2019\/09\/unterweisung1-768x512.jpg 768w, https:\/\/www.imkerverein-lehrte.de\/wp-content\/uploads\/2019\/09\/unterweisung1-1024x683.jpg 1024w, https:\/\/www.imkerverein-lehrte.de\/wp-content\/uploads\/2019\/09\/unterweisung1-150x100.jpg 150w, https:\/\/www.imkerverein-lehrte.de\/wp-content\/uploads\/2019\/09\/unterweisung1-308x205.jpg 308w, https:\/\/www.imkerverein-lehrte.de\/wp-content\/uploads\/2019\/09\/unterweisung1.jpg 2048w\" sizes=\"auto, (max-width: 300px) 100vw, 300px\" \/><\/p>\n<p>Zun\u00e4chst erhielten alle Anwesenden eine Unterweisung welche Aufgaben zu erledigen sind, welche Sicherheitsanweisungen zu beachten sind, wie mit dem belasteten Material und der eigenen Kleidung (nach der Ma\u00dfnahme) umzugehen ist. Es wurden zwei Arbeitspl\u00e4tze eingerichtet: einer (bienendicht) in der Fahrzeughalle und einer hinter dem Feuerwehrhaus. <img loading=\"lazy\" decoding=\"async\" class=\"size-medium wp-image-760 alignleft\" src=\"http:\/\/www.imkerverein-lehrte.de\/wp-content\/uploads\/2019\/09\/putzstrasse11-300x200.jpg\" alt=\"\" width=\"300\" height=\"200\" srcset=\"https:\/\/www.imkerverein-lehrte.de\/wp-content\/uploads\/2019\/09\/putzstrasse11-300x200.jpg 300w, https:\/\/www.imkerverein-lehrte.de\/wp-content\/uploads\/2019\/09\/putzstrasse11-768x512.jpg 768w, https:\/\/www.imkerverein-lehrte.de\/wp-content\/uploads\/2019\/09\/putzstrasse11-1024x683.jpg 1024w, https:\/\/www.imkerverein-lehrte.de\/wp-content\/uploads\/2019\/09\/putzstrasse11-150x100.jpg 150w, https:\/\/www.imkerverein-lehrte.de\/wp-content\/uploads\/2019\/09\/putzstrasse11-308x205.jpg 308w, https:\/\/www.imkerverein-lehrte.de\/wp-content\/uploads\/2019\/09\/putzstrasse11.jpg 2048w\" sizes=\"auto, (max-width: 300px) 100vw, 300px\" \/>Innen wurden eine Putzstra\u00dfe aufgebaut, um die Beuten grob zu reinigen.<\/p>\n<p>\u00a0<\/p>\n<p>\u00a0<\/p>\n<p>\u00a0<\/p>\n<p><img loading=\"lazy\" decoding=\"async\" class=\"size-medium wp-image-757 alignright\" src=\"http:\/\/www.imkerverein-lehrte.de\/wp-content\/uploads\/2019\/09\/arbeitstrassedraussen1-300x200.jpg\" alt=\"\" width=\"300\" height=\"200\" srcset=\"https:\/\/www.imkerverein-lehrte.de\/wp-content\/uploads\/2019\/09\/arbeitstrassedraussen1-300x200.jpg 300w, https:\/\/www.imkerverein-lehrte.de\/wp-content\/uploads\/2019\/09\/arbeitstrassedraussen1-768x512.jpg 768w, https:\/\/www.imkerverein-lehrte.de\/wp-content\/uploads\/2019\/09\/arbeitstrassedraussen1-1024x683.jpg 1024w, https:\/\/www.imkerverein-lehrte.de\/wp-content\/uploads\/2019\/09\/arbeitstrassedraussen1-150x100.jpg 150w, https:\/\/www.imkerverein-lehrte.de\/wp-content\/uploads\/2019\/09\/arbeitstrassedraussen1-308x205.jpg 308w, https:\/\/www.imkerverein-lehrte.de\/wp-content\/uploads\/2019\/09\/arbeitstrassedraussen1.jpg 2048w\" sizes=\"auto, (max-width: 300px) 100vw, 300px\" \/>Im Au\u00dfenbereich wurden\u00a0 zwei Bottiche f\u00fcr die Natronlauge und eine Station aufgebaut, um die Beuten und R\u00e4hmchen mit einem Hochdruckreiniger nach dem Laugebad zu waschen. F\u00fcr das leibliche Wohl haben Mitglieder Getr\u00e4nke, belegte Br\u00f6tchen und Salate gespendet &#8211; danke an alle Spender an dieser Stelle. Um 18 Uhr war die Aktion erfolgreich abgeschlossen: Beuten und R\u00e4hmchen gereinigt und wieder abgeholt, das Feuerwehrhaus geputzt, die Ger\u00e4tschaften verladen und der Rest f\u00fcr die M\u00fcllverbrennung bienendicht verpackt und verladen. F\u00fcr alle war es eine gute Erfahrung auf die Unterst\u00fctzung so vieler Mitwirkenden z\u00e4hlen zu k\u00f6nnen.<\/p>\n<p>Die Sanierung der von der Amerikanischen Faulbrut betroffenen V\u00f6lker ist erst einmal abgeschlossen. Danke an die vielen freiwilligen Helfern aus verschiedenen (betroffenen) Imkervereinen und der Freiwilligen Feuerwehr Dollbergen!\u00a0<\/p>\n<p>\u00a0<\/p>\n<p>Hier noch ein paar Bilder:<\/p>\n<div id=\"attachment_756\" style=\"width: 310px\" class=\"wp-caption alignleft\"><img loading=\"lazy\" decoding=\"async\" aria-describedby=\"caption-attachment-756\" class=\"wp-image-756 size-medium\" src=\"http:\/\/www.imkerverein-lehrte.de\/wp-content\/uploads\/2019\/09\/angeliefertesMaterial-300x200.jpg\" alt=\"Angelieferte Beuten und R\u00e4hmchen\" width=\"300\" height=\"200\" srcset=\"https:\/\/www.imkerverein-lehrte.de\/wp-content\/uploads\/2019\/09\/angeliefertesMaterial-300x200.jpg 300w, https:\/\/www.imkerverein-lehrte.de\/wp-content\/uploads\/2019\/09\/angeliefertesMaterial-768x512.jpg 768w, https:\/\/www.imkerverein-lehrte.de\/wp-content\/uploads\/2019\/09\/angeliefertesMaterial-1024x683.jpg 1024w, https:\/\/www.imkerverein-lehrte.de\/wp-content\/uploads\/2019\/09\/angeliefertesMaterial-150x100.jpg 150w, https:\/\/www.imkerverein-lehrte.de\/wp-content\/uploads\/2019\/09\/angeliefertesMaterial-308x205.jpg 308w, https:\/\/www.imkerverein-lehrte.de\/wp-content\/uploads\/2019\/09\/angeliefertesMaterial.jpg 2048w\" sizes=\"auto, (max-width: 300px) 100vw, 300px\" \/><p id=\"caption-attachment-756\" class=\"wp-caption-text\">Angelieferte Beuten und R\u00e4hmchen<\/p><\/div>\n<div id=\"attachment_765\" style=\"width: 310px\" class=\"wp-caption alignright\"><img loading=\"lazy\" decoding=\"async\" aria-describedby=\"caption-attachment-765\" class=\"size-medium wp-image-765\" src=\"http:\/\/www.imkerverein-lehrte.de\/wp-content\/uploads\/2019\/09\/schutzkleidunganziehen-300x200.jpg\" alt=\"Schutzbekleidung anziehen\" width=\"300\" height=\"200\" srcset=\"https:\/\/www.imkerverein-lehrte.de\/wp-content\/uploads\/2019\/09\/schutzkleidunganziehen-300x200.jpg 300w, https:\/\/www.imkerverein-lehrte.de\/wp-content\/uploads\/2019\/09\/schutzkleidunganziehen-768x512.jpg 768w, https:\/\/www.imkerverein-lehrte.de\/wp-content\/uploads\/2019\/09\/schutzkleidunganziehen-1024x683.jpg 1024w, https:\/\/www.imkerverein-lehrte.de\/wp-content\/uploads\/2019\/09\/schutzkleidunganziehen-150x100.jpg 150w, https:\/\/www.imkerverein-lehrte.de\/wp-content\/uploads\/2019\/09\/schutzkleidunganziehen-308x205.jpg 308w, https:\/\/www.imkerverein-lehrte.de\/wp-content\/uploads\/2019\/09\/schutzkleidunganziehen.jpg 2048w\" sizes=\"auto, (max-width: 300px) 100vw, 300px\" \/><p id=\"caption-attachment-765\" class=\"wp-caption-text\">Schutzbekleidung anziehen<\/p><\/div>\n<p>\u00a0<\/p>\n<p>\u00a0<\/p>\n<p>\u00a0<\/p>\n<p>\u00a0<\/p>\n<p>\u00a0<\/p>\n<div id=\"attachment_766\" style=\"width: 310px\" class=\"wp-caption alignnone\"><img loading=\"lazy\" decoding=\"async\" aria-describedby=\"caption-attachment-766\" class=\"wp-image-766 size-medium\" src=\"http:\/\/www.imkerverein-lehrte.de\/wp-content\/uploads\/2019\/09\/tresterinmuellsack2-300x200.jpg\" alt=\"Reste f\u00fcr die M\u00fcllverbrennung bienendicht verpacken\" width=\"300\" height=\"200\" srcset=\"https:\/\/www.imkerverein-lehrte.de\/wp-content\/uploads\/2019\/09\/tresterinmuellsack2-300x200.jpg 300w, https:\/\/www.imkerverein-lehrte.de\/wp-content\/uploads\/2019\/09\/tresterinmuellsack2-768x512.jpg 768w, https:\/\/www.imkerverein-lehrte.de\/wp-content\/uploads\/2019\/09\/tresterinmuellsack2-1024x683.jpg 1024w, https:\/\/www.imkerverein-lehrte.de\/wp-content\/uploads\/2019\/09\/tresterinmuellsack2-150x100.jpg 150w, https:\/\/www.imkerverein-lehrte.de\/wp-content\/uploads\/2019\/09\/tresterinmuellsack2-308x205.jpg 308w, https:\/\/www.imkerverein-lehrte.de\/wp-content\/uploads\/2019\/09\/tresterinmuellsack2.jpg 2048w\" sizes=\"auto, (max-width: 300px) 100vw, 300px\" \/><p id=\"caption-attachment-766\" class=\"wp-caption-text\">Reste f\u00fcr die M\u00fcllverbrennung bienendicht verpacken<\/p><\/div>\n<p>\u00a0<\/p>\n<div id=\"attachment_768\" style=\"width: 210px\" class=\"wp-caption alignright\"><img loading=\"lazy\" decoding=\"async\" aria-describedby=\"caption-attachment-768\" class=\"size-medium wp-image-768\" src=\"http:\/\/www.imkerverein-lehrte.de\/wp-content\/uploads\/2019\/09\/werkenntdiesenmann2-e1568580908570-200x300.jpg\" alt=\"Natronlauge vorbereiten\" width=\"200\" height=\"300\" srcset=\"https:\/\/www.imkerverein-lehrte.de\/wp-content\/uploads\/2019\/09\/werkenntdiesenmann2-e1568580908570-200x300.jpg 200w, https:\/\/www.imkerverein-lehrte.de\/wp-content\/uploads\/2019\/09\/werkenntdiesenmann2-e1568580908570-768x1152.jpg 768w, https:\/\/www.imkerverein-lehrte.de\/wp-content\/uploads\/2019\/09\/werkenntdiesenmann2-e1568580908570-683x1024.jpg 683w, https:\/\/www.imkerverein-lehrte.de\/wp-content\/uploads\/2019\/09\/werkenntdiesenmann2-e1568580908570-100x150.jpg 100w, https:\/\/www.imkerverein-lehrte.de\/wp-content\/uploads\/2019\/09\/werkenntdiesenmann2-e1568580908570-308x462.jpg 308w, https:\/\/www.imkerverein-lehrte.de\/wp-content\/uploads\/2019\/09\/werkenntdiesenmann2-e1568580908570.jpg 1365w\" sizes=\"auto, (max-width: 200px) 100vw, 200px\" \/><p id=\"caption-attachment-768\" class=\"wp-caption-text\">Natronlauge vorbereiten<\/p><\/div>\n<p>\u00a0<\/p>\n<div id=\"attachment_759\" style=\"width: 310px\" class=\"wp-caption alignnone\"><img loading=\"lazy\" decoding=\"async\" aria-describedby=\"caption-attachment-759\" class=\"size-medium wp-image-759\" src=\"http:\/\/www.imkerverein-lehrte.de\/wp-content\/uploads\/2019\/09\/natronlaugerherstellen2-300x200.jpg\" alt=\"Natronlauge vorbereiten\" width=\"300\" height=\"200\" srcset=\"https:\/\/www.imkerverein-lehrte.de\/wp-content\/uploads\/2019\/09\/natronlaugerherstellen2-300x200.jpg 300w, https:\/\/www.imkerverein-lehrte.de\/wp-content\/uploads\/2019\/09\/natronlaugerherstellen2-768x512.jpg 768w, https:\/\/www.imkerverein-lehrte.de\/wp-content\/uploads\/2019\/09\/natronlaugerherstellen2-1024x683.jpg 1024w, https:\/\/www.imkerverein-lehrte.de\/wp-content\/uploads\/2019\/09\/natronlaugerherstellen2-150x100.jpg 150w, https:\/\/www.imkerverein-lehrte.de\/wp-content\/uploads\/2019\/09\/natronlaugerherstellen2-308x205.jpg 308w, https:\/\/www.imkerverein-lehrte.de\/wp-content\/uploads\/2019\/09\/natronlaugerherstellen2.jpg 2048w\" sizes=\"auto, (max-width: 300px) 100vw, 300px\" \/><p id=\"caption-attachment-759\" class=\"wp-caption-text\">Natronlauge vorbereiten<\/p><\/div>\n<p>\u00a0<\/p>\n<div id=\"attachment_762\" style=\"width: 310px\" class=\"wp-caption alignleft\"><img loading=\"lazy\" decoding=\"async\" aria-describedby=\"caption-attachment-762\" class=\"size-medium wp-image-762\" src=\"http:\/\/www.imkerverein-lehrte.de\/wp-content\/uploads\/2019\/09\/raehmchenentnehmen-300x200.jpg\" alt=\"R\u00e4hmchen in Natronlauge kochen\" width=\"300\" height=\"200\" srcset=\"https:\/\/www.imkerverein-lehrte.de\/wp-content\/uploads\/2019\/09\/raehmchenentnehmen-300x200.jpg 300w, https:\/\/www.imkerverein-lehrte.de\/wp-content\/uploads\/2019\/09\/raehmchenentnehmen-768x512.jpg 768w, https:\/\/www.imkerverein-lehrte.de\/wp-content\/uploads\/2019\/09\/raehmchenentnehmen-1024x683.jpg 1024w, https:\/\/www.imkerverein-lehrte.de\/wp-content\/uploads\/2019\/09\/raehmchenentnehmen-150x100.jpg 150w, https:\/\/www.imkerverein-lehrte.de\/wp-content\/uploads\/2019\/09\/raehmchenentnehmen-308x205.jpg 308w, https:\/\/www.imkerverein-lehrte.de\/wp-content\/uploads\/2019\/09\/raehmchenentnehmen.jpg 2048w\" sizes=\"auto, (max-width: 300px) 100vw, 300px\" \/><p id=\"caption-attachment-762\" class=\"wp-caption-text\">R\u00e4hmchen in Natronlauge kochen<\/p><\/div>\n<p>\u00a0<\/p>\n<div id=\"attachment_761\" style=\"width: 310px\" class=\"wp-caption alignright\"><img loading=\"lazy\" decoding=\"async\" aria-describedby=\"caption-attachment-761\" class=\"size-medium wp-image-761\" src=\"http:\/\/www.imkerverein-lehrte.de\/wp-content\/uploads\/2019\/09\/raemchenkaerchern-300x200.jpg\" alt=\"R\u00e4hmchen mit dem Hochdruckreiniger von der Lauge befreien\" width=\"300\" height=\"200\" srcset=\"https:\/\/www.imkerverein-lehrte.de\/wp-content\/uploads\/2019\/09\/raemchenkaerchern-300x200.jpg 300w, https:\/\/www.imkerverein-lehrte.de\/wp-content\/uploads\/2019\/09\/raemchenkaerchern-768x512.jpg 768w, https:\/\/www.imkerverein-lehrte.de\/wp-content\/uploads\/2019\/09\/raemchenkaerchern-1024x683.jpg 1024w, https:\/\/www.imkerverein-lehrte.de\/wp-content\/uploads\/2019\/09\/raemchenkaerchern-150x100.jpg 150w, https:\/\/www.imkerverein-lehrte.de\/wp-content\/uploads\/2019\/09\/raemchenkaerchern-308x205.jpg 308w, https:\/\/www.imkerverein-lehrte.de\/wp-content\/uploads\/2019\/09\/raemchenkaerchern.jpg 2048w\" sizes=\"auto, (max-width: 300px) 100vw, 300px\" \/><p id=\"caption-attachment-761\" class=\"wp-caption-text\">R\u00e4hmchen mit dem Hochdruckreiniger von der Lauge befreien<\/p><\/div>\n<p>\u00a0<\/p>\n<div id=\"attachment_764\" style=\"width: 310px\" class=\"wp-caption alignnone\"><img loading=\"lazy\" decoding=\"async\" aria-describedby=\"caption-attachment-764\" class=\"size-medium wp-image-764\" src=\"http:\/\/www.imkerverein-lehrte.de\/wp-content\/uploads\/2019\/09\/saubereraemchen-300x200.jpg\" alt=\"Beuten und R\u00e4hmchen zum Trocken aufstellen\" width=\"300\" height=\"200\" srcset=\"https:\/\/www.imkerverein-lehrte.de\/wp-content\/uploads\/2019\/09\/saubereraemchen-300x200.jpg 300w, https:\/\/www.imkerverein-lehrte.de\/wp-content\/uploads\/2019\/09\/saubereraemchen-768x512.jpg 768w, https:\/\/www.imkerverein-lehrte.de\/wp-content\/uploads\/2019\/09\/saubereraemchen-1024x683.jpg 1024w, https:\/\/www.imkerverein-lehrte.de\/wp-content\/uploads\/2019\/09\/saubereraemchen-150x100.jpg 150w, https:\/\/www.imkerverein-lehrte.de\/wp-content\/uploads\/2019\/09\/saubereraemchen-308x205.jpg 308w, https:\/\/www.imkerverein-lehrte.de\/wp-content\/uploads\/2019\/09\/saubereraemchen.jpg 2048w\" sizes=\"auto, (max-width: 300px) 100vw, 300px\" \/><p id=\"caption-attachment-764\" class=\"wp-caption-text\">Beuten und R\u00e4hmchen zum Trocken aufstellen<\/p><\/div>\n<p>\u00a0<\/p>\n<p>Euer Webmaster<br \/>Henner Pfeiffer<\/p>\n","protected":false},"excerpt":{"rendered":"<p> <a class=\"continue-reading-link\" href=\"https:\/\/www.imkerverein-lehrte.de\/?p=753\"><\/a><\/p>\n","protected":false},"author":1,"featured_media":0,"comment_status":"closed","ping_status":"closed","sticky":false,"template":"","format":"standard","meta":{"footnotes":""},"categories":[1],"tags":[],"class_list":["post-753","post","type-post","status-publish","format-standard","hentry","category-allgemein"],"_links":{"self":[{"href":"https:\/\/www.imkerverein-lehrte.de\/index.php?rest_route=\/wp\/v2\/posts\/753","targetHints":{"allow":["GET"]}}],"collection":[{"href":"https:\/\/www.imkerverein-lehrte.de\/index.php?rest_route=\/wp\/v2\/posts"}],"about":[{"href":"https:\/\/www.imkerverein-lehrte.de\/index.php?rest_route=\/wp\/v2\/types\/post"}],"author":[{"embeddable":true,"href":"https:\/\/www.imkerverein-lehrte.de\/index.php?rest_route=\/wp\/v2\/users\/1"}],"replies":[{"embeddable":true,"href":"https:\/\/www.imkerverein-lehrte.de\/index.php?rest_route=%2Fwp%2Fv2%2Fcomments&post=753"}],"version-history":[{"count":7,"href":"https:\/\/www.imkerverein-lehrte.de\/index.php?rest_route=\/wp\/v2\/posts\/753\/revisions"}],"predecessor-version":[{"id":782,"href":"https:\/\/www.imkerverein-lehrte.de\/index.php?rest_route=\/wp\/v2\/posts\/753\/revisions\/782"}],"wp:attachment":[{"href":"https:\/\/www.imkerverein-lehrte.de\/index.php?rest_route=%2Fwp%2Fv2%2Fmedia&parent=753"}],"wp:term":[{"taxonomy":"category","embeddable":true,"href":"https:\/\/www.imkerverein-lehrte.de\/index.php?rest_route=%2Fwp%2Fv2%2Fcategories&post=753"},{"taxonomy":"post_tag","embeddable":true,"href":"https:\/\/www.imkerverein-lehrte.de\/index.php?rest_route=%2Fwp%2Fv2%2Ftags&post=753"}],"curies":[{"name":"wp","href":"https:\/\/api.w.org\/{rel}","templated":true}]}}