{"id":674,"date":"2019-02-15T21:53:47","date_gmt":"2019-02-15T20:53:47","guid":{"rendered":"http:\/\/www.imkerverein-lehrte.de\/?p=674"},"modified":"2019-02-16T18:06:06","modified_gmt":"2019-02-16T17:06:06","slug":"mitgliedervollversammlung-2019","status":"publish","type":"post","link":"https:\/\/www.imkerverein-lehrte.de\/?p=674","title":{"rendered":"Mitgliedervollversammlung 2019"},"content":{"rendered":"<p>Jahreshauptversammlung des Imkervereins Lehrte<br \/>\nam 27. Januar 2019<\/p>\n<p>Eine kurze R\u00fcckschau von Dr. Arpad Asztalos<\/p>\n<p>Jahreshauptversammlungen sind in den Satzungen vorgeschrieben und meistens Routinesache. <img loading=\"lazy\" decoding=\"async\" class=\" wp-image-682 alignright\" src=\"http:\/\/www.imkerverein-lehrte.de\/wp-content\/uploads\/2019\/02\/saal-300x200.jpg\" alt=\"\" width=\"284\" height=\"189\" srcset=\"https:\/\/www.imkerverein-lehrte.de\/wp-content\/uploads\/2019\/02\/saal-300x200.jpg 300w, https:\/\/www.imkerverein-lehrte.de\/wp-content\/uploads\/2019\/02\/saal-768x512.jpg 768w, https:\/\/www.imkerverein-lehrte.de\/wp-content\/uploads\/2019\/02\/saal-1024x683.jpg 1024w, https:\/\/www.imkerverein-lehrte.de\/wp-content\/uploads\/2019\/02\/saal-150x100.jpg 150w, https:\/\/www.imkerverein-lehrte.de\/wp-content\/uploads\/2019\/02\/saal-308x205.jpg 308w, https:\/\/www.imkerverein-lehrte.de\/wp-content\/uploads\/2019\/02\/saal.jpg 2048w\" sizes=\"auto, (max-width: 284px) 100vw, 284px\" \/>Sie sind selbst dann unspektakul\u00e4r, wenn \u2013 wie in unserem Fall &#8211; Wahlen anstehen. Dieses Jahr war allerdings unsere JHV alles andere als eint\u00f6nig, haben doch gleich 3 von 4 Vorstandsmitgliedern auf eine weitere Kandidatur verzichtet. Nicht etwa wegen Unstimmigkeiten, sondern weil sie nach vielen Jahren Vorstandst\u00e4tigkeit J\u00fcngeren Platz machen wollten (was \u00fcbrigens auch unseren Politikern hin und wieder gut zu Gesicht st\u00fcnde). Hinzu kommt, dass die Besetzung der Posten zu 50 % weiblich wurde. Auch das passt in die heutige Zeit.<\/p>\n<div id=\"attachment_684\" style=\"width: 345px\" class=\"wp-caption aligncenter\"><img loading=\"lazy\" decoding=\"async\" aria-describedby=\"caption-attachment-684\" class=\"wp-image-684 \" src=\"http:\/\/www.imkerverein-lehrte.de\/wp-content\/uploads\/2019\/02\/Vorstand-300x200.jpg\" alt=\"\" width=\"335\" height=\"223\" srcset=\"https:\/\/www.imkerverein-lehrte.de\/wp-content\/uploads\/2019\/02\/Vorstand-300x200.jpg 300w, https:\/\/www.imkerverein-lehrte.de\/wp-content\/uploads\/2019\/02\/Vorstand-768x512.jpg 768w, https:\/\/www.imkerverein-lehrte.de\/wp-content\/uploads\/2019\/02\/Vorstand-1024x683.jpg 1024w, https:\/\/www.imkerverein-lehrte.de\/wp-content\/uploads\/2019\/02\/Vorstand-150x100.jpg 150w, https:\/\/www.imkerverein-lehrte.de\/wp-content\/uploads\/2019\/02\/Vorstand-308x205.jpg 308w, https:\/\/www.imkerverein-lehrte.de\/wp-content\/uploads\/2019\/02\/Vorstand.jpg 2048w\" sizes=\"auto, (max-width: 335px) 100vw, 335px\" \/><p id=\"caption-attachment-684\" class=\"wp-caption-text\">Die alten und die neuen Voerstandsmitglieder<\/p><\/div>\n<p>Die Wahlen ergaben f\u00fcr die n\u00e4chsten 3 Jahre folgenden Vorstand sowie Obleute f\u00fcr spezielle Aufgaben: Erste Vorsitzende wurde Henrike Busch, zweiter Vorsitzender Jan Gronwald, Schriftf\u00fchrer Heiko Rosemann <img loading=\"lazy\" decoding=\"async\" class=\" wp-image-683 alignleft\" src=\"http:\/\/www.imkerverein-lehrte.de\/wp-content\/uploads\/2019\/02\/schriftfuehrer-300x200.jpg\" alt=\"\" width=\"275\" height=\"183\" srcset=\"https:\/\/www.imkerverein-lehrte.de\/wp-content\/uploads\/2019\/02\/schriftfuehrer-300x200.jpg 300w, https:\/\/www.imkerverein-lehrte.de\/wp-content\/uploads\/2019\/02\/schriftfuehrer-768x512.jpg 768w, https:\/\/www.imkerverein-lehrte.de\/wp-content\/uploads\/2019\/02\/schriftfuehrer-1024x683.jpg 1024w, https:\/\/www.imkerverein-lehrte.de\/wp-content\/uploads\/2019\/02\/schriftfuehrer-150x100.jpg 150w, https:\/\/www.imkerverein-lehrte.de\/wp-content\/uploads\/2019\/02\/schriftfuehrer-308x205.jpg 308w, https:\/\/www.imkerverein-lehrte.de\/wp-content\/uploads\/2019\/02\/schriftfuehrer.jpg 2048w\" sizes=\"auto, (max-width: 275px) 100vw, 275px\" \/>und Kassenwartin ist weiterhin Ulrike Glandorf. Obmann f\u00fcr Schulung bleibt nach wie vor Jan Gronwald und ebenso Heinz-Werner Pfeiffer als Webmaster. Neue Obfrau f\u00fcr Honigfragen ist Heike Klein. <img loading=\"lazy\" decoding=\"async\" class=\" wp-image-681 alignright\" src=\"http:\/\/www.imkerverein-lehrte.de\/wp-content\/uploads\/2019\/02\/honigobfre-300x200.jpg\" alt=\"\" width=\"291\" height=\"194\" srcset=\"https:\/\/www.imkerverein-lehrte.de\/wp-content\/uploads\/2019\/02\/honigobfre-300x200.jpg 300w, https:\/\/www.imkerverein-lehrte.de\/wp-content\/uploads\/2019\/02\/honigobfre-768x512.jpg 768w, https:\/\/www.imkerverein-lehrte.de\/wp-content\/uploads\/2019\/02\/honigobfre-1024x683.jpg 1024w, https:\/\/www.imkerverein-lehrte.de\/wp-content\/uploads\/2019\/02\/honigobfre-150x100.jpg 150w, https:\/\/www.imkerverein-lehrte.de\/wp-content\/uploads\/2019\/02\/honigobfre-308x205.jpg 308w, https:\/\/www.imkerverein-lehrte.de\/wp-content\/uploads\/2019\/02\/honigobfre.jpg 2048w\" sizes=\"auto, (max-width: 291px) 100vw, 291px\" \/>Der vakant gewordene Posten \u201eObmann f\u00fcr Bienengesundheit und Wanderung\u201c konnte nicht neu besetzt werden, da wegen fehlender tiermedizinischer Fachkenntnisse kein Mitglied kandidiert hat. Eine Ausbildung mit anschlie\u00dfender Beauftragung soll noch in diesem Jahr folgen. Kassenpr\u00fcfer sind Dr. Markus Toloczyki und Christian Messer.<\/p>\n<p>Ein weiteres wichtiges Thema auf der JHV war die Ehrung f\u00fcr langj\u00e4hrige Mitgliedschaft im Verband mit der Ehrennadel des DIB von Monika Raguse (Gold), <img loading=\"lazy\" decoding=\"async\" class=\" wp-image-679 alignleft\" src=\"http:\/\/www.imkerverein-lehrte.de\/wp-content\/uploads\/2019\/02\/Ehrung_1-300x200.jpg\" alt=\"\" width=\"233\" height=\"155\" srcset=\"https:\/\/www.imkerverein-lehrte.de\/wp-content\/uploads\/2019\/02\/Ehrung_1-300x200.jpg 300w, https:\/\/www.imkerverein-lehrte.de\/wp-content\/uploads\/2019\/02\/Ehrung_1-768x512.jpg 768w, https:\/\/www.imkerverein-lehrte.de\/wp-content\/uploads\/2019\/02\/Ehrung_1-1024x683.jpg 1024w, https:\/\/www.imkerverein-lehrte.de\/wp-content\/uploads\/2019\/02\/Ehrung_1-150x100.jpg 150w, https:\/\/www.imkerverein-lehrte.de\/wp-content\/uploads\/2019\/02\/Ehrung_1-308x205.jpg 308w, https:\/\/www.imkerverein-lehrte.de\/wp-content\/uploads\/2019\/02\/Ehrung_1.jpg 2048w\" sizes=\"auto, (max-width: 233px) 100vw, 233px\" \/>Hanny Knackstedt, <img loading=\"lazy\" decoding=\"async\" class=\" wp-image-680 alignright\" src=\"http:\/\/www.imkerverein-lehrte.de\/wp-content\/uploads\/2019\/02\/erhrung3-300x200.jpg\" alt=\"\" width=\"210\" height=\"140\" srcset=\"https:\/\/www.imkerverein-lehrte.de\/wp-content\/uploads\/2019\/02\/erhrung3-300x200.jpg 300w, https:\/\/www.imkerverein-lehrte.de\/wp-content\/uploads\/2019\/02\/erhrung3-768x512.jpg 768w, https:\/\/www.imkerverein-lehrte.de\/wp-content\/uploads\/2019\/02\/erhrung3-1024x683.jpg 1024w, https:\/\/www.imkerverein-lehrte.de\/wp-content\/uploads\/2019\/02\/erhrung3-150x100.jpg 150w, https:\/\/www.imkerverein-lehrte.de\/wp-content\/uploads\/2019\/02\/erhrung3-308x205.jpg 308w, https:\/\/www.imkerverein-lehrte.de\/wp-content\/uploads\/2019\/02\/erhrung3.jpg 2048w\" sizes=\"auto, (max-width: 210px) 100vw, 210px\" \/>Helmut Scheferling und Dieter Adomeit (Silber), Ilse Spitzenberg <img loading=\"lazy\" decoding=\"async\" class=\"wp-image-678 alignright\" src=\"http:\/\/www.imkerverein-lehrte.de\/wp-content\/uploads\/2019\/02\/Ehrung2-300x200.jpg\" alt=\"\" width=\"242\" height=\"161\" srcset=\"https:\/\/www.imkerverein-lehrte.de\/wp-content\/uploads\/2019\/02\/Ehrung2-300x200.jpg 300w, https:\/\/www.imkerverein-lehrte.de\/wp-content\/uploads\/2019\/02\/Ehrung2-768x512.jpg 768w, https:\/\/www.imkerverein-lehrte.de\/wp-content\/uploads\/2019\/02\/Ehrung2-1024x683.jpg 1024w, https:\/\/www.imkerverein-lehrte.de\/wp-content\/uploads\/2019\/02\/Ehrung2-150x100.jpg 150w, https:\/\/www.imkerverein-lehrte.de\/wp-content\/uploads\/2019\/02\/Ehrung2-308x205.jpg 308w, https:\/\/www.imkerverein-lehrte.de\/wp-content\/uploads\/2019\/02\/Ehrung2.jpg 2048w\" sizes=\"auto, (max-width: 242px) 100vw, 242px\" \/>und David Aaron H\u00e4usler (Bronze).<\/p>\n<p>Unser Verein erlebt einen regelrechten Ansturm von Interessierten an Bienen und der Imkerei; allein 2018 bekamen wir sensationelle 23 Neuzug\u00e4nge. Demgegen\u00fcber sind nur 4 Mitglieder ausgetreten. So haben wir gegenw\u00e4rtig 134 Mitglieder, darunter erfreulicherweise auch sehr viele Imkerinnen. Diese Entwicklung ist ganz erheblich auf die gute Werbewirkung der praktischen Schulung von Anf\u00e4ngern im Projekt \u201eGemeinsam lernen\u201c von Jan Gronwald zur\u00fcckzuf\u00fchren, der einen beeindruckenden Lehrbienenstand des Vereins im Lehrter Hohnhorstpark betreut. Aber auch darauf, dass wir einen kompletten Imkerei-Ger\u00e4tebestand f\u00fcr das kurzzeitige Ausleihen an Einsteiger vorhalten. Dies erleichtert den Anf\u00e4ngern wesentlich den Start, weil sie eine eigene Ausstattung erst nach und nach entsprechend ihren finanziellen M\u00f6glichkeiten beschaffen k\u00f6nnen. Sehr werbewirksam ist aber auch der Vereinsstand auf dem j\u00e4hrlichen Weihnachtsmarkt in Lehrte. Der Infostand wird von Henrike Busch und weiteren Mitwirkenden aus dem Verein organisiert und betreut. Hier ein herzlicher Dank an alle unsere tollen Protagonisten.<\/p>\n<p>Mir pers\u00f6nlich f\u00e4llt immer wieder ins Auge, dass dieser sympathische, naturliebende Verein in bester Harmonie miteinander wirkt und stets bereit ist, einander bei Bedarf mit Rat und Tat zu helfen. Eine wirklich erfreuliche Bilanz, auf die wir stolz sind.<\/p>\n","protected":false},"excerpt":{"rendered":"<p> <a class=\"continue-reading-link\" href=\"https:\/\/www.imkerverein-lehrte.de\/?p=674\"><\/a><\/p>\n","protected":false},"author":1,"featured_media":0,"comment_status":"closed","ping_status":"closed","sticky":false,"template":"","format":"standard","meta":{"footnotes":""},"categories":[1],"tags":[],"class_list":["post-674","post","type-post","status-publish","format-standard","hentry","category-allgemein"],"_links":{"self":[{"href":"https:\/\/www.imkerverein-lehrte.de\/index.php?rest_route=\/wp\/v2\/posts\/674","targetHints":{"allow":["GET"]}}],"collection":[{"href":"https:\/\/www.imkerverein-lehrte.de\/index.php?rest_route=\/wp\/v2\/posts"}],"about":[{"href":"https:\/\/www.imkerverein-lehrte.de\/index.php?rest_route=\/wp\/v2\/types\/post"}],"author":[{"embeddable":true,"href":"https:\/\/www.imkerverein-lehrte.de\/index.php?rest_route=\/wp\/v2\/users\/1"}],"replies":[{"embeddable":true,"href":"https:\/\/www.imkerverein-lehrte.de\/index.php?rest_route=%2Fwp%2Fv2%2Fcomments&post=674"}],"version-history":[{"count":5,"href":"https:\/\/www.imkerverein-lehrte.de\/index.php?rest_route=\/wp\/v2\/posts\/674\/revisions"}],"predecessor-version":[{"id":689,"href":"https:\/\/www.imkerverein-lehrte.de\/index.php?rest_route=\/wp\/v2\/posts\/674\/revisions\/689"}],"wp:attachment":[{"href":"https:\/\/www.imkerverein-lehrte.de\/index.php?rest_route=%2Fwp%2Fv2%2Fmedia&parent=674"}],"wp:term":[{"taxonomy":"category","embeddable":true,"href":"https:\/\/www.imkerverein-lehrte.de\/index.php?rest_route=%2Fwp%2Fv2%2Fcategories&post=674"},{"taxonomy":"post_tag","embeddable":true,"href":"https:\/\/www.imkerverein-lehrte.de\/index.php?rest_route=%2Fwp%2Fv2%2Ftags&post=674"}],"curies":[{"name":"wp","href":"https:\/\/api.w.org\/{rel}","templated":true}]}}