{"id":608,"date":"2018-05-10T11:33:07","date_gmt":"2018-05-10T09:33:07","guid":{"rendered":"http:\/\/www.imkerverein-lehrte.de\/?p=608"},"modified":"2018-05-10T11:36:06","modified_gmt":"2018-05-10T09:36:06","slug":"pflanzenboerse-2018","status":"publish","type":"post","link":"https:\/\/www.imkerverein-lehrte.de\/?p=608","title":{"rendered":"Pflanzenb\u00f6rse 2018"},"content":{"rendered":"<p class=\"western\">Wi<img loading=\"lazy\" decoding=\"async\" class=\"size-medium wp-image-606 alignright\" src=\"http:\/\/www.imkerverein-lehrte.de\/wp-content\/uploads\/2018\/05\/pflanzenboerse-2018-8-300x225.jpg\" alt=\"\" width=\"300\" height=\"225\" srcset=\"https:\/\/www.imkerverein-lehrte.de\/wp-content\/uploads\/2018\/05\/pflanzenboerse-2018-8-300x225.jpg 300w, https:\/\/www.imkerverein-lehrte.de\/wp-content\/uploads\/2018\/05\/pflanzenboerse-2018-8-768x576.jpg 768w, https:\/\/www.imkerverein-lehrte.de\/wp-content\/uploads\/2018\/05\/pflanzenboerse-2018-8-150x113.jpg 150w, https:\/\/www.imkerverein-lehrte.de\/wp-content\/uploads\/2018\/05\/pflanzenboerse-2018-8-308x231.jpg 308w, https:\/\/www.imkerverein-lehrte.de\/wp-content\/uploads\/2018\/05\/pflanzenboerse-2018-8.jpg 800w\" sizes=\"auto, (max-width: 300px) 100vw, 300px\" \/>e schnell die Zeit vergeht &#8211; schon ist es wieder Mai geworden! Und damit fand bereits das vierte Mal die hei\u00df geliebte \u201ePflanzenb\u00f6rse\u201c beim Vorsitzenden des Imkervereins Lehrte statt. Peter Spitzenberg und seine liebe Frau Ilse (nat\u00fcrlich auch Imkerin) luden in ihren privaten Garten ein und bewirteten Vereinsmitglieder mit Partnern und Kindern wortw\u00f6rtlich f\u00fcrstlich mit Speis und Trank. Alle waren eingeladen!<\/p>\n<p class=\"western\">Bei \u2013 wie bisher immer \u2013 strahlendem Sonnenschein unter schattenspendenden Obstb\u00e4umen legte jeder Gast seine Sch\u00e4tze, mitgebrachte Gartenpflanzen aller Art, auf die Erde, und es begann ein reges Tauschen und Fachsimpeln. Denn Imker sind h\u00e4ufig zugleich Hobbyg\u00e4rtner und haben viel Sinn f\u00fcr Pflanzen, vor allem f\u00fcr solche, die von unseren Immen und anderen Insekten flei\u00dfig beflogen werden. Denn jedermann merkt in seiner Umgebung &#8211; und wir Imker erfahren es verst\u00e4rkt durch unsere T\u00e4tigkeit &#8211; dass der R\u00fcckgang von Insekten dramatische Ausma\u00dfe erreicht hat. Und wenn die Landwirtschaft uns leider auch nicht so gewogen ist (Stichwort: Verdr\u00e4ngung von bl\u00fchenden landwirtschaftsfl\u00e4chen durch Massen von Energiepflanzen oder nicht immer bienenfreundliche Sch\u00e4dlingsbek\u00e4mpfung usw.), soll doch jeder Imker dazu beitragen, dass die Insekten Nahrung finden. Auf die gesundheitliche Belastung der Tiere durch Insektizide haben wir keinen Einfluss.<\/p>\n<p class=\"western\"><img loading=\"lazy\" decoding=\"async\" class=\"size-medium wp-image-603 alignright\" src=\"http:\/\/www.imkerverein-lehrte.de\/wp-content\/uploads\/2018\/05\/pflanzenboerse-2018-9-300x225.jpg\" alt=\"\" width=\"300\" height=\"225\" srcset=\"https:\/\/www.imkerverein-lehrte.de\/wp-content\/uploads\/2018\/05\/pflanzenboerse-2018-9-300x225.jpg 300w, https:\/\/www.imkerverein-lehrte.de\/wp-content\/uploads\/2018\/05\/pflanzenboerse-2018-9-768x576.jpg 768w, https:\/\/www.imkerverein-lehrte.de\/wp-content\/uploads\/2018\/05\/pflanzenboerse-2018-9-150x113.jpg 150w, https:\/\/www.imkerverein-lehrte.de\/wp-content\/uploads\/2018\/05\/pflanzenboerse-2018-9-308x231.jpg 308w, https:\/\/www.imkerverein-lehrte.de\/wp-content\/uploads\/2018\/05\/pflanzenboerse-2018-9.jpg 800w\" sizes=\"auto, (max-width: 300px) 100vw, 300px\" \/>Die Stimmung auf der Pflanzenb\u00f6rse war pr\u00e4chtig. Dazu hat allerdings ganz wesentlich die gro\u00dfe Kuchentafel mit Kaffee und Tee beigetragen (siehe Foto). Ilse kann hervorragend backen und sie gab dabei ihr Bestes. Aber auch der Grillmeister Martin Ockert brauchte sich nicht zu verstecken, zumal er unter anderen K\u00f6stlichkeiten die Delikatesse \u201eWildschweinbratwurst\u201c (Sau erlegt und verwurstet von unserem Dirk Fasch) mit Salaten zum Sattwerden anbot. Auch daf\u00fcr vielen Dank Martin! In dieser herrlichen Atmosph\u00e4re fanden freundschaftliche Unterhaltungen statt \u2013 bei weitem nicht nur \u00fcber Bienen und Imkerei. Als wir uns am Nachmittag nach und nach verabschiedeten, hinterlie\u00dfen wir den Gastgebern die schwere Arbeit des Aufr\u00e4umens. Auch das muss hier erw\u00e4hnt werden.<img loading=\"lazy\" decoding=\"async\" class=\"size-medium wp-image-602 alignleft\" src=\"http:\/\/www.imkerverein-lehrte.de\/wp-content\/uploads\/2018\/05\/pflanzenboerse-2018-4-300x225.jpg\" alt=\"\" width=\"300\" height=\"225\" srcset=\"https:\/\/www.imkerverein-lehrte.de\/wp-content\/uploads\/2018\/05\/pflanzenboerse-2018-4-300x225.jpg 300w, https:\/\/www.imkerverein-lehrte.de\/wp-content\/uploads\/2018\/05\/pflanzenboerse-2018-4-768x576.jpg 768w, https:\/\/www.imkerverein-lehrte.de\/wp-content\/uploads\/2018\/05\/pflanzenboerse-2018-4-150x113.jpg 150w, https:\/\/www.imkerverein-lehrte.de\/wp-content\/uploads\/2018\/05\/pflanzenboerse-2018-4-308x231.jpg 308w, https:\/\/www.imkerverein-lehrte.de\/wp-content\/uploads\/2018\/05\/pflanzenboerse-2018-4.jpg 800w\" sizes=\"auto, (max-width: 300px) 100vw, 300px\" \/><\/p>\n<p class=\"western\">Vielen, vielen Dank lieber Peter, liebe Ilse, f\u00fcr die gro\u00dfe M\u00fche, die Ihr auf Euch genommen habt. Auch f\u00fcr das gro\u00dfe schattenspendende Zelt, dessen Aufbau allein schon eine tolle Leistung war. F\u00fcr die Ausstattung Eures paradiesischen Gartens mit Tischen, St\u00fchlen und B\u00e4nken, damit wir alle einen gem\u00fctlichen Platz fanden. Ebenso f\u00fcr die vielf\u00e4ltigen kulinarischen K\u00f6stlichkeiten. Ein solches Treffen ist Gold wert im Leben eines Imkervereins. Wir danken Euch alle von Herzen.<\/p>\n<p class=\"western\">Dr. Arpad Asztalos<\/p>\n<p><img loading=\"lazy\" decoding=\"async\" class=\"size-medium wp-image-607 alignleft\" src=\"http:\/\/www.imkerverein-lehrte.de\/wp-content\/uploads\/2018\/05\/pflanzenboerse-2018-7-300x225.jpg\" alt=\"\" width=\"300\" height=\"225\" srcset=\"https:\/\/www.imkerverein-lehrte.de\/wp-content\/uploads\/2018\/05\/pflanzenboerse-2018-7-300x225.jpg 300w, https:\/\/www.imkerverein-lehrte.de\/wp-content\/uploads\/2018\/05\/pflanzenboerse-2018-7-768x576.jpg 768w, https:\/\/www.imkerverein-lehrte.de\/wp-content\/uploads\/2018\/05\/pflanzenboerse-2018-7-150x113.jpg 150w, https:\/\/www.imkerverein-lehrte.de\/wp-content\/uploads\/2018\/05\/pflanzenboerse-2018-7-308x231.jpg 308w, https:\/\/www.imkerverein-lehrte.de\/wp-content\/uploads\/2018\/05\/pflanzenboerse-2018-7.jpg 800w\" sizes=\"auto, (max-width: 300px) 100vw, 300px\" \/>\u00a0 <img loading=\"lazy\" decoding=\"async\" class=\"size-medium wp-image-605 alignleft\" src=\"http:\/\/www.imkerverein-lehrte.de\/wp-content\/uploads\/2018\/05\/pflanzenboerse-2018-6-300x225.jpg\" alt=\"\" width=\"300\" height=\"225\" srcset=\"https:\/\/www.imkerverein-lehrte.de\/wp-content\/uploads\/2018\/05\/pflanzenboerse-2018-6-300x225.jpg 300w, https:\/\/www.imkerverein-lehrte.de\/wp-content\/uploads\/2018\/05\/pflanzenboerse-2018-6-768x576.jpg 768w, https:\/\/www.imkerverein-lehrte.de\/wp-content\/uploads\/2018\/05\/pflanzenboerse-2018-6-150x113.jpg 150w, https:\/\/www.imkerverein-lehrte.de\/wp-content\/uploads\/2018\/05\/pflanzenboerse-2018-6-308x231.jpg 308w, https:\/\/www.imkerverein-lehrte.de\/wp-content\/uploads\/2018\/05\/pflanzenboerse-2018-6.jpg 800w\" sizes=\"auto, (max-width: 300px) 100vw, 300px\" \/> <img loading=\"lazy\" decoding=\"async\" class=\"size-medium wp-image-604 alignleft\" src=\"http:\/\/www.imkerverein-lehrte.de\/wp-content\/uploads\/2018\/05\/pflanzenboerse-2018-5-300x225.jpg\" alt=\"\" width=\"300\" height=\"225\" srcset=\"https:\/\/www.imkerverein-lehrte.de\/wp-content\/uploads\/2018\/05\/pflanzenboerse-2018-5-300x225.jpg 300w, https:\/\/www.imkerverein-lehrte.de\/wp-content\/uploads\/2018\/05\/pflanzenboerse-2018-5-768x576.jpg 768w, https:\/\/www.imkerverein-lehrte.de\/wp-content\/uploads\/2018\/05\/pflanzenboerse-2018-5-150x113.jpg 150w, https:\/\/www.imkerverein-lehrte.de\/wp-content\/uploads\/2018\/05\/pflanzenboerse-2018-5-308x231.jpg 308w, https:\/\/www.imkerverein-lehrte.de\/wp-content\/uploads\/2018\/05\/pflanzenboerse-2018-5.jpg 800w\" sizes=\"auto, (max-width: 300px) 100vw, 300px\" \/>\u00a0\u00a0 <img loading=\"lazy\" decoding=\"async\" class=\"size-medium wp-image-601 alignleft\" src=\"http:\/\/www.imkerverein-lehrte.de\/wp-content\/uploads\/2018\/05\/pflanzenboerse-2018-3-300x225.jpg\" alt=\"\" width=\"300\" height=\"225\" srcset=\"https:\/\/www.imkerverein-lehrte.de\/wp-content\/uploads\/2018\/05\/pflanzenboerse-2018-3-300x225.jpg 300w, https:\/\/www.imkerverein-lehrte.de\/wp-content\/uploads\/2018\/05\/pflanzenboerse-2018-3-768x576.jpg 768w, https:\/\/www.imkerverein-lehrte.de\/wp-content\/uploads\/2018\/05\/pflanzenboerse-2018-3-150x113.jpg 150w, https:\/\/www.imkerverein-lehrte.de\/wp-content\/uploads\/2018\/05\/pflanzenboerse-2018-3-308x231.jpg 308w, https:\/\/www.imkerverein-lehrte.de\/wp-content\/uploads\/2018\/05\/pflanzenboerse-2018-3.jpg 800w\" sizes=\"auto, (max-width: 300px) 100vw, 300px\" \/> <img loading=\"lazy\" decoding=\"async\" class=\"size-medium wp-image-600 alignleft\" src=\"http:\/\/www.imkerverein-lehrte.de\/wp-content\/uploads\/2018\/05\/pflanzenboerse-2018-2-300x225.jpg\" alt=\"\" width=\"300\" height=\"225\" srcset=\"https:\/\/www.imkerverein-lehrte.de\/wp-content\/uploads\/2018\/05\/pflanzenboerse-2018-2-300x225.jpg 300w, https:\/\/www.imkerverein-lehrte.de\/wp-content\/uploads\/2018\/05\/pflanzenboerse-2018-2-768x576.jpg 768w, https:\/\/www.imkerverein-lehrte.de\/wp-content\/uploads\/2018\/05\/pflanzenboerse-2018-2-150x113.jpg 150w, https:\/\/www.imkerverein-lehrte.de\/wp-content\/uploads\/2018\/05\/pflanzenboerse-2018-2-308x231.jpg 308w, https:\/\/www.imkerverein-lehrte.de\/wp-content\/uploads\/2018\/05\/pflanzenboerse-2018-2.jpg 800w\" sizes=\"auto, (max-width: 300px) 100vw, 300px\" \/> <img loading=\"lazy\" decoding=\"async\" class=\"size-medium wp-image-599 alignleft\" src=\"http:\/\/www.imkerverein-lehrte.de\/wp-content\/uploads\/2018\/05\/pflanzenboerse-2018-1-300x225.jpg\" alt=\"\" width=\"300\" height=\"225\" srcset=\"https:\/\/www.imkerverein-lehrte.de\/wp-content\/uploads\/2018\/05\/pflanzenboerse-2018-1-300x225.jpg 300w, https:\/\/www.imkerverein-lehrte.de\/wp-content\/uploads\/2018\/05\/pflanzenboerse-2018-1-768x576.jpg 768w, https:\/\/www.imkerverein-lehrte.de\/wp-content\/uploads\/2018\/05\/pflanzenboerse-2018-1-150x113.jpg 150w, https:\/\/www.imkerverein-lehrte.de\/wp-content\/uploads\/2018\/05\/pflanzenboerse-2018-1-308x231.jpg 308w, https:\/\/www.imkerverein-lehrte.de\/wp-content\/uploads\/2018\/05\/pflanzenboerse-2018-1.jpg 800w\" sizes=\"auto, (max-width: 300px) 100vw, 300px\" \/><\/p>\n","protected":false},"excerpt":{"rendered":"<p> <a class=\"continue-reading-link\" href=\"https:\/\/www.imkerverein-lehrte.de\/?p=608\"><\/a><\/p>\n","protected":false},"author":1,"featured_media":0,"comment_status":"closed","ping_status":"closed","sticky":false,"template":"","format":"standard","meta":{"footnotes":""},"categories":[1],"tags":[],"class_list":["post-608","post","type-post","status-publish","format-standard","hentry","category-allgemein"],"_links":{"self":[{"href":"https:\/\/www.imkerverein-lehrte.de\/index.php?rest_route=\/wp\/v2\/posts\/608","targetHints":{"allow":["GET"]}}],"collection":[{"href":"https:\/\/www.imkerverein-lehrte.de\/index.php?rest_route=\/wp\/v2\/posts"}],"about":[{"href":"https:\/\/www.imkerverein-lehrte.de\/index.php?rest_route=\/wp\/v2\/types\/post"}],"author":[{"embeddable":true,"href":"https:\/\/www.imkerverein-lehrte.de\/index.php?rest_route=\/wp\/v2\/users\/1"}],"replies":[{"embeddable":true,"href":"https:\/\/www.imkerverein-lehrte.de\/index.php?rest_route=%2Fwp%2Fv2%2Fcomments&post=608"}],"version-history":[{"count":3,"href":"https:\/\/www.imkerverein-lehrte.de\/index.php?rest_route=\/wp\/v2\/posts\/608\/revisions"}],"predecessor-version":[{"id":611,"href":"https:\/\/www.imkerverein-lehrte.de\/index.php?rest_route=\/wp\/v2\/posts\/608\/revisions\/611"}],"wp:attachment":[{"href":"https:\/\/www.imkerverein-lehrte.de\/index.php?rest_route=%2Fwp%2Fv2%2Fmedia&parent=608"}],"wp:term":[{"taxonomy":"category","embeddable":true,"href":"https:\/\/www.imkerverein-lehrte.de\/index.php?rest_route=%2Fwp%2Fv2%2Fcategories&post=608"},{"taxonomy":"post_tag","embeddable":true,"href":"https:\/\/www.imkerverein-lehrte.de\/index.php?rest_route=%2Fwp%2Fv2%2Ftags&post=608"}],"curies":[{"name":"wp","href":"https:\/\/api.w.org\/{rel}","templated":true}]}}