{"id":565,"date":"2020-04-10T12:16:00","date_gmt":"2020-04-10T10:16:00","guid":{"rendered":"http:\/\/www.imkerverein-lehrte.de\/?p=565"},"modified":"2021-01-03T16:52:33","modified_gmt":"2021-01-03T15:52:33","slug":"sammelbestellung-varroazide-2020","status":"publish","type":"post","link":"https:\/\/www.imkerverein-lehrte.de\/?p=565","title":{"rendered":"Sammelbestellung Varroazide &#8211; 2020"},"content":{"rendered":"<p>Auch in diesem Jahr k\u00f6nnen \u00fcber unseren Verein Varroazide vom Veterin\u00e4ramt kosteng\u00fcnstig bestellt werden. Die Organisation \u00fcbernimmt unser Vorsitzende\u00a0 Henrike Busch. Danke Henrike!<\/p>\n<p>Wer an der Sammelbestellung teilnehmen m\u00f6chte, f\u00fcllt bitte den Bestellschein mit der Abholvollmacht f\u00fcr &#8222;<strong>Meinolf Evers<\/strong>&#8220; aus.\u00a0 Meinolf ist unser neuer Gesundheitsobmann wird die Bestellungen f\u00fcr den Verein abholen. Danke Meinolf!\u00a0 Schickt bitte das <strong>ausgef\u00fcllte<\/strong> <a href=\"http:\/\/www.imkerverein-lehrte.de\/wp-content\/uploads\/2020\/04\/Bestellformular-Varroabekaempfung-2020.pdf\" target=\"_blank\" rel=\"noopener noreferrer\">Bestellformular samt der Datenschutzerkl\u00e4rung<\/a>\u00a0 bitte bis<strong> sp\u00e4testens zum 14. April<\/strong> an Henrike. Die <a href=\"http:\/\/www.imkerverein-lehrte.de\/wp-content\/uploads\/2020\/04\/Preisliste-2020.pdf\" target=\"_blank\" rel=\"noopener noreferrer\"><strong>aktuelle<\/strong> Preisliste<\/a> findet ihr im <a href=\"https:\/\/www.imkerverein-lehrte.de\/downloads\/\" target=\"_blank\" rel=\"noopener noreferrer\">Download Bereich<\/a>.<\/p>\n<p>Hinweis: Die beiden angebotenen Ameisens\u00e4uren\/Formivar (Pos. 1 und 9 auf der Liste) unterscheiden sich \u00fcbrigens nur im Preis voneinander, beide k\u00f6nnen gleich verwendet werden.<\/p>\n<p>Der Verein erh\u00e4lt eine Gesamtrechnung und streckt den Betrag vor. Ihr \u00fcberweist Euren Betrag auf das Vereinskonto oder bezahlt bei <strong>Abholung. <\/strong>Wie wir die Verteilung regeln, wissen wir noch nicht genau. Da wir uns zur Zeit aus bekannten Corona-Gr\u00fcnden nicht versammeln d\u00fcrfen, werden wir zu gegebener Zeit eine Regelung finden und sie euch mitteilen..<\/p>\n<p>Nur Ameisen- und Milchs\u00e4uren und Thymolprodukte sind frei verk\u00e4uflich, alle anderen Mittel sind apothekenpflichtig und nicht im Imkereihandel erh\u00e4ltlich. Nat\u00fcrlich k\u00f6nnt ihr auch direkt beim Veterin\u00e4ramt bestellen und die Mittel selbst abholen. Der Vereinsname muss dann nicht im Formular eingetragen werden und ihr bezahlt direkt vor Ort bei Abholung.<\/p>\n<p>Hinweis zu den Varroaziden:<br \/>Empfehlenswert f\u00fcr die Behandlung gegen Varroose sind nur die S\u00e4uren!<br \/>Oxals\u00e4ure 3,5 % (Serumwerk) und Oxuvar\u00ae (Biovet) sind identisch ((Pos. 1 und 9 auf der Liste) ) \u2013 nur preislich unterschiedlich, da\u00df gilt ebenso f\u00fcr die Ameisens\u00e4ure 1 Liter der unterschiedlichen Hersteller. Oxuvar\u00ae 5,7% ist nicht konzentrierter als Oxals\u00e4ure 3,5%, sondern ergibt nach Fertigstellung durch den Imker ebenfalls eine S\u00e4ure-Konzentration von 3,5% &#8211; f\u00fcr die Winterbehandlung wird sie mit Zucker gemischt und f\u00fcr die Sommerbehandlung f\u00fcr brutlose V\u00f6lker wie Schw\u00e4rme und Ableger mit Wasser.<\/p>\n\n","protected":false},"excerpt":{"rendered":"<p> <a class=\"continue-reading-link\" href=\"https:\/\/www.imkerverein-lehrte.de\/?p=565\"><\/a><\/p>\n","protected":false},"author":1,"featured_media":0,"comment_status":"closed","ping_status":"closed","sticky":false,"template":"","format":"standard","meta":{"footnotes":""},"categories":[1],"tags":[],"class_list":["post-565","post","type-post","status-publish","format-standard","hentry","category-allgemein"],"_links":{"self":[{"href":"https:\/\/www.imkerverein-lehrte.de\/index.php?rest_route=\/wp\/v2\/posts\/565","targetHints":{"allow":["GET"]}}],"collection":[{"href":"https:\/\/www.imkerverein-lehrte.de\/index.php?rest_route=\/wp\/v2\/posts"}],"about":[{"href":"https:\/\/www.imkerverein-lehrte.de\/index.php?rest_route=\/wp\/v2\/types\/post"}],"author":[{"embeddable":true,"href":"https:\/\/www.imkerverein-lehrte.de\/index.php?rest_route=\/wp\/v2\/users\/1"}],"replies":[{"embeddable":true,"href":"https:\/\/www.imkerverein-lehrte.de\/index.php?rest_route=%2Fwp%2Fv2%2Fcomments&post=565"}],"version-history":[{"count":12,"href":"https:\/\/www.imkerverein-lehrte.de\/index.php?rest_route=\/wp\/v2\/posts\/565\/revisions"}],"predecessor-version":[{"id":873,"href":"https:\/\/www.imkerverein-lehrte.de\/index.php?rest_route=\/wp\/v2\/posts\/565\/revisions\/873"}],"wp:attachment":[{"href":"https:\/\/www.imkerverein-lehrte.de\/index.php?rest_route=%2Fwp%2Fv2%2Fmedia&parent=565"}],"wp:term":[{"taxonomy":"category","embeddable":true,"href":"https:\/\/www.imkerverein-lehrte.de\/index.php?rest_route=%2Fwp%2Fv2%2Fcategories&post=565"},{"taxonomy":"post_tag","embeddable":true,"href":"https:\/\/www.imkerverein-lehrte.de\/index.php?rest_route=%2Fwp%2Fv2%2Ftags&post=565"}],"curies":[{"name":"wp","href":"https:\/\/api.w.org\/{rel}","templated":true}]}}