{"id":504,"date":"2017-10-22T23:08:46","date_gmt":"2017-10-22T21:08:46","guid":{"rendered":"http:\/\/www.imkerverein-lehrte.de\/?p=504"},"modified":"2017-10-22T23:36:50","modified_gmt":"2017-10-22T21:36:50","slug":"gerhardt-fuhrich-gedaechtnispreis","status":"publish","type":"post","link":"https:\/\/www.imkerverein-lehrte.de\/?p=504","title":{"rendered":"Gerhardt Fuhrich Ged\u00e4chtnispreis"},"content":{"rendered":"<p>Die Regionalgruppe Hannover der Ameisenschutzwarte wird erstmals im Jahre 2018 den<img loading=\"lazy\" decoding=\"async\" class=\"size-medium wp-image-293 alignright\" src=\"http:\/\/www.imkerverein-lehrte.de\/wp-content\/uploads\/2016\/07\/Gerhardt-Fuhrich-1024x1024-169x300.jpg\" alt=\"\" width=\"169\" height=\"300\" srcset=\"https:\/\/www.imkerverein-lehrte.de\/wp-content\/uploads\/2016\/07\/Gerhardt-Fuhrich-1024x1024-169x300.jpg 169w, https:\/\/www.imkerverein-lehrte.de\/wp-content\/uploads\/2016\/07\/Gerhardt-Fuhrich-1024x1024.jpg 576w, https:\/\/www.imkerverein-lehrte.de\/wp-content\/uploads\/2016\/07\/Gerhardt-Fuhrich-1024x1024-84x150.jpg 84w\" sizes=\"auto, (max-width: 169px) 100vw, 169px\" \/><br \/>\n<strong>&#8222;Gerhardt Fuhrich Ged\u00e4chtnispreis&#8220; <\/strong>ausloben.<\/p>\n<p>Dieser Preis wird an Ameisenheger und\/oder Imker f\u00fcr ein hervorragendes Engagement verliehen. Alle in diesen Bereichen t\u00e4tigen Menschen sind aufgerufen, Vorschl\u00e4ge zu unterbreiten. Die \u00dcbergabe wird in einer Feierstunde in <strong>Lehrte<\/strong> erfolgen. Der Preis ist mit 500,00 \u20ac dotiert.<\/p>\n<p>Die Jury wird durch den Vorstand der Regionalgruppe Hannover der Ameisenschutzwarte gebildet. Diese beschlie\u00dft einstimmig \u00fcber die Verleihung des Preises. Der Bewerbungsschluss ist der 30.06.2018. Entsprechende Vorschl\u00e4ge k\u00f6nnen ab sofort bei Herrn Dr. Wolfgang Leibner (1. Vorsitzender der Regionalgruppe Hannover des Deutschen Ameisen Schutzwarte) per E-Mail an info(at)leibner.de eingereicht werden. Imker und\u00a0 Ameisenheger, die Lehrg\u00e4nge und Informationsveranstaltungen durchf\u00fchren, Informationspunkte schaffen, respektive diese betreuen oder sonst sich f\u00fcr die Belange der Tiere einsetzen, sind also angesprochen.<\/p>\n<p>Gerhardt\u00a0 war lange unser 1. Vorsitzende und Ehrenvorsitzender und hat die Grundlage f\u00fcr unseren Verein geschaffen.\u00a0 Dar\u00fcber hinaus war ihm die Vermittlung von Kenntnissen im Bereich Bienen und Ameisen ein besonders Anliegen.\u00a0 Er hat sich als ausgezeichneter Insektenexperte ein Leben lang f\u00fcr Bienen und Ameisen eingesetzt. Hierf\u00fcr ist er mit dem Bundesverdienstkreuz ausgezeichnet worden. Dabei war er in der Praxis und auch als Referent in der Fortbildung t\u00e4tig.<\/p>\n<p>Als Gesch\u00e4ftsf\u00fchrer des Landesverbandes Hannoverscher Imker hat er sich viele Jahre engagiert. Im Bereich des Ameisenschutzes war er Gr\u00fcndungsmitglied der Ameisenschutzwarte in Niedersachsen und hat sich auf allen Ebenen auch in diesem Bereich eingesetzt. So war er u.a. vier Jahre als Vizepr\u00e4sident des Bundesverbandes der Ameisenschutzwarte t\u00e4tig. Wichtig war Gerhardt Fuhrich aufgrund seines Doppelengagements, die Zusammenh\u00e4nge zwischen Bienen und Waldameisen darzustellen und so die Kenntnisse hier\u00fcber bei einer breiten \u00d6ffentlichkeit zu f\u00f6rdern.<\/p>\n","protected":false},"excerpt":{"rendered":"<p> <a class=\"continue-reading-link\" href=\"https:\/\/www.imkerverein-lehrte.de\/?p=504\"><\/a><\/p>\n","protected":false},"author":1,"featured_media":0,"comment_status":"closed","ping_status":"closed","sticky":false,"template":"","format":"standard","meta":{"footnotes":""},"categories":[1],"tags":[],"class_list":["post-504","post","type-post","status-publish","format-standard","hentry","category-allgemein"],"_links":{"self":[{"href":"https:\/\/www.imkerverein-lehrte.de\/index.php?rest_route=\/wp\/v2\/posts\/504","targetHints":{"allow":["GET"]}}],"collection":[{"href":"https:\/\/www.imkerverein-lehrte.de\/index.php?rest_route=\/wp\/v2\/posts"}],"about":[{"href":"https:\/\/www.imkerverein-lehrte.de\/index.php?rest_route=\/wp\/v2\/types\/post"}],"author":[{"embeddable":true,"href":"https:\/\/www.imkerverein-lehrte.de\/index.php?rest_route=\/wp\/v2\/users\/1"}],"replies":[{"embeddable":true,"href":"https:\/\/www.imkerverein-lehrte.de\/index.php?rest_route=%2Fwp%2Fv2%2Fcomments&post=504"}],"version-history":[{"count":3,"href":"https:\/\/www.imkerverein-lehrte.de\/index.php?rest_route=\/wp\/v2\/posts\/504\/revisions"}],"predecessor-version":[{"id":507,"href":"https:\/\/www.imkerverein-lehrte.de\/index.php?rest_route=\/wp\/v2\/posts\/504\/revisions\/507"}],"wp:attachment":[{"href":"https:\/\/www.imkerverein-lehrte.de\/index.php?rest_route=%2Fwp%2Fv2%2Fmedia&parent=504"}],"wp:term":[{"taxonomy":"category","embeddable":true,"href":"https:\/\/www.imkerverein-lehrte.de\/index.php?rest_route=%2Fwp%2Fv2%2Fcategories&post=504"},{"taxonomy":"post_tag","embeddable":true,"href":"https:\/\/www.imkerverein-lehrte.de\/index.php?rest_route=%2Fwp%2Fv2%2Ftags&post=504"}],"curies":[{"name":"wp","href":"https:\/\/api.w.org\/{rel}","templated":true}]}}