{"id":459,"date":"2017-05-09T22:02:55","date_gmt":"2017-05-09T20:02:55","guid":{"rendered":"http:\/\/www.imkerverein-lehrte.de\/?p=459"},"modified":"2017-05-09T22:39:24","modified_gmt":"2017-05-09T20:39:24","slug":"pflanzenboerse-2017","status":"publish","type":"post","link":"https:\/\/www.imkerverein-lehrte.de\/?p=459","title":{"rendered":"Pflanzenb\u00f6rse 2017"},"content":{"rendered":"<p>Unsere \u201eganz spezielle Maifeier\u201c findet j\u00e4hrlich im zauberhaften Naturgarten der Familie Ilse und Peter Spitzenberg in Hannover statt. Anlass ist eine\u201c Pflanzenb\u00f6rse\u201c, die vor bereits vier Jahren unser Schulungsobmann, Jan Gronwald, initiierte, und was sich immer mehr zur Tradition entwickelt hat. Die Vereinsmitglieder bringen \u00fcberwiegend bienenfreundliche Gartenpflanzen mit, und es wird nach Herzenslust getauscht und gefachsimpelt.<\/p>\n<p><img loading=\"lazy\" decoding=\"async\" class=\"wp-image-452 size-medium alignright\" src=\"http:\/\/www.imkerverein-lehrte.de\/wp-content\/uploads\/2017\/05\/P5070027-300x225.jpg\" alt=\"\" width=\"300\" height=\"225\" \/><\/p>\n<p>Das Wetter hat es gut mit uns gemeint, nach zuvor endlos langen kalten und regnerischen Tagen zeigte sich endlich die Sonne, die Temperaturen waren angenehm und wir verbrachten einen harmonischen Vor- und Nachmittag unter Gleichgesinnten. Allein schon das Umfeld bei Spitzenbergs ist sehens- und erlebenswert: Natur pur mit alten Obstb\u00e4umen, gro\u00dfem Gem\u00fcsebeet, gackernden (Zier-)H\u00fchnern und etlichen, uns Imkern so vertrauten summenden Bienenv\u00f6lkern. Und vor diesem Hintergrund erwartete uns eine Bewirtung, wie sie nicht \u00fcppiger und gro\u00dfz\u00fcgiger h\u00e4tte sein k\u00f6nnen.<\/p>\n<p>&nbsp;<\/p>\n<p><img loading=\"lazy\" decoding=\"async\" class=\"size-medium wp-image-455 alignleft\" src=\"http:\/\/www.imkerverein-lehrte.de\/wp-content\/uploads\/2017\/05\/P5070037-300x225.jpg\" alt=\"\" width=\"300\" height=\"225\" \/>Der Gastgeber, Peter Spitzenberg, zugleich Vereinsvorsitzender, fand gut gelaunte Begr\u00fc\u00dfungsworte und bekam als Gastgeschenk von Henrike Busch eine Torte in Form einer Magazinbeute aus gr\u00fcnem Marzipan. Eine tolle Idee.<\/p>\n<p>&nbsp;<\/p>\n<p>&nbsp;<\/p>\n<p>&nbsp;<\/p>\n<p><img loading=\"lazy\" decoding=\"async\" class=\"size-medium wp-image-456 alignright\" src=\"http:\/\/www.imkerverein-lehrte.de\/wp-content\/uploads\/2017\/05\/P5070044-300x225.jpg\" alt=\"\" width=\"300\" height=\"225\" srcset=\"https:\/\/www.imkerverein-lehrte.de\/wp-content\/uploads\/2017\/05\/P5070044-300x225.jpg 300w, https:\/\/www.imkerverein-lehrte.de\/wp-content\/uploads\/2017\/05\/P5070044-768x576.jpg 768w, https:\/\/www.imkerverein-lehrte.de\/wp-content\/uploads\/2017\/05\/P5070044-1024x768.jpg 1024w, https:\/\/www.imkerverein-lehrte.de\/wp-content\/uploads\/2017\/05\/P5070044-150x113.jpg 150w, https:\/\/www.imkerverein-lehrte.de\/wp-content\/uploads\/2017\/05\/P5070044-308x231.jpg 308w\" sizes=\"auto, (max-width: 300px) 100vw, 300px\" \/>Die Gastgeberin Ilse pr\u00e4sentierte neben Kaffee, Tee und anderen Getr\u00e4nken selbst gemachte Torten und Kuchen der Spitzenklasse, und sogar f\u00fcr einen reichhaltig best\u00fcckten Grillstand wurde gesorgt (ein Dankesch\u00f6n an den freundlichen Grillmeister!). Gutes Essen und Trinken heben bekannterma\u00dfen immer die Stimmung und es herrschte auch \u2013 wie die Fotos hier zeigen &#8211; beste Laune in der Gesellschaft von rund 40 Vereinsmitgliedern.<\/p>\n<p><img loading=\"lazy\" decoding=\"async\" class=\"size-medium wp-image-457 alignleft\" src=\"http:\/\/www.imkerverein-lehrte.de\/wp-content\/uploads\/2017\/05\/P5070051-300x225.jpg\" alt=\"\" width=\"300\" height=\"225\" srcset=\"https:\/\/www.imkerverein-lehrte.de\/wp-content\/uploads\/2017\/05\/P5070051-300x225.jpg 300w, https:\/\/www.imkerverein-lehrte.de\/wp-content\/uploads\/2017\/05\/P5070051-768x576.jpg 768w, https:\/\/www.imkerverein-lehrte.de\/wp-content\/uploads\/2017\/05\/P5070051-1024x768.jpg 1024w, https:\/\/www.imkerverein-lehrte.de\/wp-content\/uploads\/2017\/05\/P5070051-150x113.jpg 150w, https:\/\/www.imkerverein-lehrte.de\/wp-content\/uploads\/2017\/05\/P5070051-308x231.jpg 308w\" sizes=\"auto, (max-width: 300px) 100vw, 300px\" \/><\/p>\n<p>In unserem Imkerverein Lehrte herrscht grunds\u00e4tzlich gro\u00dfer Einklang der Mitglieder. So wird zum Beispiel f\u00fcr eine praxisgerechte Einf\u00fchrung der Neuimker in die Geheimnisse unseres Hobbies gesorgt, und in monatlich immer gut besuchten Stammtischen bleibt die Imkerschaft auch fachlich stets auf dem Laufenden. Nun, ein solches Treffen, wie gestern bei Familie Spitzenberg, f\u00f6rdert zus\u00e4tzlich und besonders die Gemeinsamkeit unter den Mitgliedern. Daf\u00fcr und eure wunderbare Gastfreundlichkeit danken wir euch, Peter und Ilse, ganz, ganz herzlich.<br \/>\nArpad Asztalos<\/p>\n","protected":false},"excerpt":{"rendered":"<p> <a class=\"continue-reading-link\" href=\"https:\/\/www.imkerverein-lehrte.de\/?p=459\"><\/a><\/p>\n","protected":false},"author":1,"featured_media":0,"comment_status":"closed","ping_status":"closed","sticky":false,"template":"","format":"standard","meta":{"footnotes":""},"categories":[1],"tags":[],"class_list":["post-459","post","type-post","status-publish","format-standard","hentry","category-allgemein"],"_links":{"self":[{"href":"https:\/\/www.imkerverein-lehrte.de\/index.php?rest_route=\/wp\/v2\/posts\/459","targetHints":{"allow":["GET"]}}],"collection":[{"href":"https:\/\/www.imkerverein-lehrte.de\/index.php?rest_route=\/wp\/v2\/posts"}],"about":[{"href":"https:\/\/www.imkerverein-lehrte.de\/index.php?rest_route=\/wp\/v2\/types\/post"}],"author":[{"embeddable":true,"href":"https:\/\/www.imkerverein-lehrte.de\/index.php?rest_route=\/wp\/v2\/users\/1"}],"replies":[{"embeddable":true,"href":"https:\/\/www.imkerverein-lehrte.de\/index.php?rest_route=%2Fwp%2Fv2%2Fcomments&post=459"}],"version-history":[{"count":4,"href":"https:\/\/www.imkerverein-lehrte.de\/index.php?rest_route=\/wp\/v2\/posts\/459\/revisions"}],"predecessor-version":[{"id":461,"href":"https:\/\/www.imkerverein-lehrte.de\/index.php?rest_route=\/wp\/v2\/posts\/459\/revisions\/461"}],"wp:attachment":[{"href":"https:\/\/www.imkerverein-lehrte.de\/index.php?rest_route=%2Fwp%2Fv2%2Fmedia&parent=459"}],"wp:term":[{"taxonomy":"category","embeddable":true,"href":"https:\/\/www.imkerverein-lehrte.de\/index.php?rest_route=%2Fwp%2Fv2%2Fcategories&post=459"},{"taxonomy":"post_tag","embeddable":true,"href":"https:\/\/www.imkerverein-lehrte.de\/index.php?rest_route=%2Fwp%2Fv2%2Ftags&post=459"}],"curies":[{"name":"wp","href":"https:\/\/api.w.org\/{rel}","templated":true}]}}